{"id":3013,"date":"2015-09-08T12:06:28","date_gmt":"2015-09-08T12:06:28","guid":{"rendered":"http:\/\/aim4knowledge.com\/?p=3013\/"},"modified":"2016-12-15T12:15:51","modified_gmt":"2016-12-15T12:15:51","slug":"itil-enklare-med-trim","status":"publish","type":"post","link":"https:\/\/aim4knowledge.com\/sv\/events-2\/itil-enklare-med-trim\/","title":{"rendered":"ITIL ENKLARE MED TRIM \u2013 5\/10 hos Dataf\u00f6reningen Kompetens"},"content":{"rendered":"<p>Man m\u00e5ste f\u00f6rst\u00e5 och anpassa ITIL f\u00f6r att f\u00e5 det att fungera. I Sverige har vi ett ganska enhetligt s\u00e4tt att hantera en IT-leverans vilket g\u00f6r att 80% av anpassningen blir lika, oavsett storlek och inriktning p\u00e5 IT-organisationen.<br \/>\nD\u00e4r kommer The Rational IT Model (TRIM) in i bilden. Modellen s\u00e4tter ihop de gemensamma 80% men beskriver \u00e4ven hur allt h\u00e4nger ihop. Du kan ist\u00e4llet koncentrera dig p\u00e5 att anpassa det som verkligen \u00e4r unikt och p\u00e5 sj\u00e4lva inf\u00f6randet.<\/p>\n<p>Syftet med modellen \u00e4r att fler IT-organisationer l\u00e4ttare ska f\u00e5 ut effekten av Service Management st\u00e4llet f\u00f6r att l\u00e4gga tid att bygga processer. TRIM \u00e4r en komplett modell baserad p\u00e5 ITIL, f\u00f6r din IT-organisation.<\/p>\n<p>V\u00e4lkommen till en inspirationskv\u00e4ll som visar hur du g\u00e5r tillv\u00e4ga!<\/p>\n<p>Den kostnadsfria inspirationskv\u00e4llen inleds 18:00 med mingel. Programmet startar 18:30 och p\u00e5g\u00e5r till 20:30.<\/p>\n<p><em>Anm\u00e4lan avslutad.<\/em><\/p>\n","protected":false},"excerpt":{"rendered":"<p>Man m\u00e5ste f\u00f6rst\u00e5 och anpassa ITIL f\u00f6r att f\u00e5 det att fungera. I Sverige har vi ett ganska enhetligt s\u00e4tt att hantera en IT-leverans vilket g\u00f6r att 80% av anpassningen blir lika, oavsett storlek och inriktning p\u00e5 IT-organisationen. D\u00e4r kommer The Rational IT Model (TRIM) in i bilden. Modellen s\u00e4tter ihop de gemensamma 80% men &hellip; <\/p>\n<p class=\"link-more\"><a href=\"https:\/\/aim4knowledge.com\/sv\/events-2\/itil-enklare-med-trim\/\" class=\"more-link\">Forts\u00e4tt l\u00e4sa<span class=\"screen-reader-text\"> \u201dITIL ENKLARE MED TRIM \u2013 5\/10 hos Dataf\u00f6reningen Kompetens\u201d<\/span><\/a><\/p>\n","protected":false},"author":1,"featured_media":1660,"comment_status":"open","ping_status":"open","sticky":false,"template":"","format":"standard","meta":{"om_disable_all_campaigns":false,"footnotes":""},"categories":[100],"tags":[],"class_list":["post-3013","post","type-post","status-publish","format-standard","has-post-thumbnail","hentry","category-events-2"],"_links":{"self":[{"href":"https:\/\/aim4knowledge.com\/sv\/wp-json\/wp\/v2\/posts\/3013","targetHints":{"allow":["GET"]}}],"collection":[{"href":"https:\/\/aim4knowledge.com\/sv\/wp-json\/wp\/v2\/posts"}],"about":[{"href":"https:\/\/aim4knowledge.com\/sv\/wp-json\/wp\/v2\/types\/post"}],"author":[{"embeddable":true,"href":"https:\/\/aim4knowledge.com\/sv\/wp-json\/wp\/v2\/users\/1"}],"replies":[{"embeddable":true,"href":"https:\/\/aim4knowledge.com\/sv\/wp-json\/wp\/v2\/comments?post=3013"}],"version-history":[{"count":0,"href":"https:\/\/aim4knowledge.com\/sv\/wp-json\/wp\/v2\/posts\/3013\/revisions"}],"wp:featuredmedia":[{"embeddable":true,"href":"https:\/\/aim4knowledge.com\/sv\/wp-json\/wp\/v2\/media\/1660"}],"wp:attachment":[{"href":"https:\/\/aim4knowledge.com\/sv\/wp-json\/wp\/v2\/media?parent=3013"}],"wp:term":[{"taxonomy":"category","embeddable":true,"href":"https:\/\/aim4knowledge.com\/sv\/wp-json\/wp\/v2\/categories?post=3013"},{"taxonomy":"post_tag","embeddable":true,"href":"https:\/\/aim4knowledge.com\/sv\/wp-json\/wp\/v2\/tags?post=3013"}],"curies":[{"name":"wp","href":"https:\/\/api.w.org\/{rel}","templated":true}]}}